{"id":1974,"date":"2026-09-01T15:01:48","date_gmt":"2026-09-01T13:01:48","guid":{"rendered":"https:\/\/circulearth.com\/la-ley-francesa-contra-la-fast-fashion-affl-que-ha-cambiado-desde-2025-y-como-se-veran-afectadas-las-organizaciones\/"},"modified":"2026-09-01T15:38:24","modified_gmt":"2026-09-01T13:38:24","slug":"la-ley-francesa-contra-la-fast-fashion-affl-que-ha-cambiado-desde-2025-y-como-se-veran-afectadas-las-organizaciones","status":"publish","type":"post","link":"https:\/\/circulearth.com\/es\/la-ley-francesa-contra-la-fast-fashion-affl-que-ha-cambiado-desde-2025-y-como-se-veran-afectadas-las-organizaciones\/","title":{"rendered":"La Ley francesa contra la Fast Fashion (AFFL): \u00bfqu\u00e9 ha cambiado desde 2025 y c\u00f3mo se ver\u00e1n afectadas las organizaciones?"},"content":{"rendered":"\n<p class=\"wp-block-paragraph\">La ley francesa contra la fast fashion (<a href=\"https:\/\/www.legifrance.gouv.fr\/download\/pdf?id=GlZKFvQY2gAk98Pv9XPdXO-nam6aCtsgM2LdqywZyGE=\" data-type=\"link\" data-id=\"https:\/\/www.legifrance.gouv.fr\/download\/pdf?id=GlZKFvQY2gAk98Pv9XPdXO-nam6aCtsgM2LdqywZyGE=\" target=\"_blank\" rel=\"noopener nofollow\">LOI n\u00b0 2026-602<\/a>) era muy esperada, pero su versi\u00f3n final es el resultado de un complejo proceso legislativo de dos a\u00f1os. Adoptada por unanimidad por la Asamblea Nacional en marzo de 2024, la propuesta de ley se vio frenada por la disoluci\u00f3n parlamentaria de junio de 2024, fuertemente enmendada por el Senado en junio de 2025 y retrasada por estrictos controles regulatorios de la Comisi\u00f3n Europea a finales de 2025. Tras un compromiso parlamentario final, fue adoptada oficialmente el 29 de junio de 2026 y promulgada por el presidente franc\u00e9s el 8 de julio de 2026.  <\/p>\n\n<p class=\"wp-block-paragraph\">La ley define qu\u00e9 es la moda ultraexpresa, incluye requisitos para los fabricantes que llevan a cabo pr\u00e1cticas de moda ultraexpresa, impone una mayor trazabilidad y transparencia para los consumidores de dichos productos, potencia el sistema de RAP al permitir nuevos criterios de ecomodulaci\u00f3n y restringe las pr\u00e1cticas publicitarias y de marketing para los productos u organizaciones de moda ultraexpresa.<\/p>\n\n<p class=\"wp-block-paragraph\">A pesar de su adopci\u00f3n definitiva, algunos actores del sector lamentan lo lejos que ha quedado el texto de su versi\u00f3n original, expresando su decepci\u00f3n respecto al impacto real que la ley podr\u00eda haber tenido para reducir las repercusiones ambientales de la industria textil y proteger a los consumidores y ciudadanos.<\/p>\n\n<p class=\"wp-block-paragraph\"><strong>Sin embargo, para las empresas, el impacto es inmediato con la aplicaci\u00f3n de los primeros baremos de penalizaci\u00f3n a partir del 1 de septiembre de 2026.<\/strong><\/p>\n\n<h2 class=\"wp-block-heading\">\u00bfQu\u00e9 conten\u00eda la ley originalmente?<\/h2>\n\n<p class=\"wp-block-paragraph\">Presentado en un principio por la diputada <a href=\"https:\/\/www.assemblee-nationale.fr\/dyn\/16\/textes\/l16b2129_proposition-loi\" target=\"_blank\" rel=\"noopener nofollow\">Anne-C\u00e9cile Violland<\/a>, el proyecto original <a href=\"https:\/\/www.assemblee-nationale.fr\/dyn\/16\/textes\/l16t0258_texte-adopte-provisoire.pdf\" target=\"_blank\" rel=\"noopener nofollow\">adoptado<\/a> por la Asamblea Nacional en marzo de 2024 era mucho m\u00e1s amplio y estricto. Se estructuraba en torno a tres pilares principales: <\/p>\n\n<ul class=\"wp-block-list\">\n<li><strong>Una definici\u00f3n amplia de la fast fashion: <\/strong>Dirigida a todo el sector de la moda r\u00e1pida sobre la base de criterios como el volumen de nuevos art\u00edculos introducidos, la velocidad de rotaci\u00f3n de las colecciones y la escasa vida \u00fatil de los productos, sin restringir el enfoque \u00fanicamente a las plataformas de moda ultraexpresa.<\/li>\n\n\n\n<li><strong>Una prohibici\u00f3n total de la publicidad: <\/strong>Quedaban totalmente prohibidas las comunicaciones comerciales que promovieran marcas de fast fashion, incluido el marketing directo de marca y los contenidos patrocinados a trav\u00e9s de influencers en redes sociales.<\/li>\n\n\n\n<li><strong>Penalizaciones financieras expl\u00edcitas y progresivas:<\/strong> En el marco de la RAP, los art\u00edculos estaban sujetos a un sistema claro de bonus-malus que comenzaba en 5 \u20ac por art\u00edculo en 2025 y aumentaba hasta los 10 \u20ac por art\u00edculo para 2030, vinculado directamente al futuro sistema franc\u00e9s de etiquetado ambiental.<\/li>\n<\/ul>\n\n<p class=\"wp-block-paragraph\">Entre 2024 y 2026, dos acontecimientos clave reconfiguraron significativamente el alcance del texto:<\/p>\n\n<ul start=\"1\" class=\"wp-block-list\">\n<li>En primer lugar, el Senado <a href=\"https:\/\/www.senat.fr\/leg\/tas24-136.html\" target=\"_blank\" rel=\"noopener nofollow\">reescribi\u00f3<\/a> la propuesta en junio de 2025. Tras los retrasos causados por la disoluci\u00f3n parlamentaria de junio de 2024, el Senado redujo el alcance legal de la \u00abfast fashion\u00bb general a la \u00abmoda ultraexpresa\u00bb (mode ultra-express). Este cambio concentr\u00f3 las restricciones en los grandes operadores exclusivamente en l\u00ednea (pure-players) de gran volumen, excluyendo de hecho a la mayor\u00eda de las empresas minoristas europeas tradicionales. <\/li>\n\n\n\n<li>Una vez <a href=\"https:\/\/technical-regulation-information-system.ec.europa.eu\/en\/notification\/27032\" target=\"_blank\" rel=\"noopener nofollow\"><strong>notificado<\/strong><\/a> a la Comisi\u00f3n Europea el 27 de junio de 2025, el texto se enfrent\u00f3 a dos dict\u00e1menes motivados formales. La Comisi\u00f3n plante\u00f3 importantes incompatibilidades con el derecho de la UE; en particular, se\u00f1al\u00f3 que una prohibici\u00f3n general de la publicidad violaba el principio del pa\u00eds de origen de la Directiva sobre el Comercio Electr\u00f3nico y se solapaba con la Ley de Servicios Digitales (DSA), mientras que los criterios de sanci\u00f3n entraban en conflicto con la Directiva Marco de Residuos de la UE. Estas objeciones se vieron amplificadas por varios Estados miembros: Suecia emiti\u00f3 su propio dictamen motivado cuestionando el intento de Francia de derogar la Directiva sobre el Comercio Electr\u00f3nico sin una evaluaci\u00f3n de impacto adecuada, Polonia critic\u00f3 la vaga definici\u00f3n de \u00abmoda ultraexpresa\u00bb por considerarla una amenaza para el comercio transfronterizo al tiempo que exig\u00eda la eliminaci\u00f3n de la tasa del Senado a los paquetes peque\u00f1os, y Luxemburgo present\u00f3 observaciones formales contra el borrador.  <\/li>\n<\/ul>\n\n<p class=\"wp-block-paragraph\">Estas objeciones obligaron a los legisladores franceses a volver a la mesa de redacci\u00f3n a finales de 2025 y principios de 2026. Para salvar la ley de una invalidez total por parte de la UE, se ajust\u00f3 la prohibici\u00f3n de la publicidad y las penalizaciones de la RAP se desvincularon del etiquetado ambiental completo para centrarse en su lugar en un \u00abcoeficiente de durabilidad\u00bb espec\u00edfico. <\/p>\n\n<h2 class=\"wp-block-heading\">C\u00f3mo podr\u00eda verse afectada su organizaci\u00f3n<\/h2>\n\n<h3 class=\"wp-block-heading\">Nueva definici\u00f3n de las pr\u00e1cticas de moda ultraexpresa<\/h3>\n\n<p class=\"wp-block-paragraph\">La ley establece dos criterios para definir qu\u00e9 es la moda ultraexpresa:<\/p>\n\n<ul start=\"1\" class=\"wp-block-list\">\n<li>el n\u00famero de nuevas referencias de productos (SKU) comercializadas,<\/li>\n\n\n\n<li>la falta de incentivos para la reparaci\u00f3n de dichos productos.<\/li>\n<\/ul>\n\n<p class=\"wp-block-paragraph\">Los umbrales del tama\u00f1o de la gama y los criterios que permitan la reparaci\u00f3n de los productos se definir\u00e1n por decreto (Art\u00edculo 1.V). Por lo tanto, el impacto de la ley y la amplitud de su alcance est\u00e1n a\u00fan por determinar. <\/p>\n\n<p class=\"wp-block-paragraph\">Sin embargo, el p\u00e1rrafo II del Art\u00edculo 1 precisa que el n\u00famero de referencias de productos cubiertas por la ley incluye todas las referencias propuestas por la persona f\u00edsica o jur\u00eddica, excepto si esta puede justificar que su canal de venta en l\u00ednea no es el principal. Por consiguiente, los gigantes de la moda tradicional con un modelo de negocio de rotaci\u00f3n basado en tiendas f\u00edsicas quedan exentos de la ley. Esta es una de las principales cr\u00edticas formuladas por las ONG ambientalistas.  <\/p>\n\n<h3 class=\"wp-block-heading\">Mayor trazabilidad y transparencia para los consumidores que compran en l\u00ednea<\/h3>\n\n<p class=\"wp-block-paragraph\">La AFFL prescribe que los productores de moda ultraexpresa que vendan en l\u00ednea (a trav\u00e9s de un marketplace, una plataforma o cualquier otra herramienta similar) deber\u00e1n publicar mensajes en l\u00ednea que favorezcan la sobriedad, la reutilizaci\u00f3n, la reparaci\u00f3n y el reciclaje de los productos, as\u00ed como informaci\u00f3n sobre los impactos sociales, ambientales y sanitarios de los productos, incluidas especificaciones sobre el impacto ambiental de la entrega (Art\u00edculo 1.III).<\/p>\n\n<p class=\"wp-block-paragraph\">El lugar de fabricaci\u00f3n de los art\u00edculos vendidos en l\u00ednea debe mostrarse en la plataforma de venta con un tama\u00f1o de letra tan importante como el de la informaci\u00f3n del precio y en sus inmediaciones (Art\u00edculo 2).<\/p>\n\n<h3 class=\"wp-block-heading\">Uso de las modulaciones de la RAP para transformar las pr\u00e1cticas comerciales<\/h3>\n\n<p class=\"wp-block-paragraph\">La AFFL aprovecha el papel de las modulaciones de la RAP para impulsar la transformaci\u00f3n de la oferta de productos. En efecto, el Art\u00edculo 5.2 de la AFFL permite modular las tasas de la RAP en funci\u00f3n de las pr\u00e1cticas industriales y comerciales de los productores que influyen en el tiempo de uso del producto y en su probabilidad de convertirse en residuo. <\/p>\n\n<p class=\"wp-block-paragraph\">Un aspecto crucial es que la ley introduce penalizaciones financieras en virtud del Art\u00edculo 5.3c): las tasas de la RAP pueden modularse seg\u00fan la amplitud\/tama\u00f1o de la gama de productos y la frecuencia de renovaci\u00f3n de la misma, as\u00ed como en funci\u00f3n de c\u00f3mo se incentiva la reparaci\u00f3n de los productos. Dichas penalizaciones no podr\u00e1n superar el 50 % del precio de venta del producto sin impuestos, y los productos penalizados bajo este mecanismo no podr\u00e1n beneficiarse de bonificaciones de la RAP. <\/p>\n\n<h4 class=\"wp-block-heading\">Metodolog\u00eda de c\u00e1lculo detallada el 24 de agosto de 2026<\/h4>\n\n<p class=\"wp-block-paragraph\">La aplicaci\u00f3n pr\u00e1ctica de estas penalizaciones se aclar\u00f3 recientemente mediante una <a href=\"https:\/\/www.legifrance.gouv.fr\/jorf\/id\/JORFTEXT000054754528\" target=\"_blank\" rel=\"noopener nofollow\"><span style=\"text-decoration: underline;\"><strong>orden ministerial<\/strong><\/span> <\/a>publicada el 24 de agosto de 2026, que modifica el pliego de condiciones t\u00e9cnicas de la RAP para textiles, calzado y ropa de hogar (TLC). Con entrada en vigor el 1 de septiembre de 2026, la orden establece una f\u00f3rmula matem\u00e1tica precisa para determinar la puntuaci\u00f3n de durabilidad (D) de un producto, basada en dos criterios con el mismo peso: la amplitud de la gama de productos (G) y los incentivos de reparaci\u00f3n (R): <\/p>\n\n<figure class=\"wp-block-table\"><table class=\"has-fixed-layout\"><tbody><tr><td class=\"has-text-align-center\" data-align=\"center\">D=0,67+(1,45\u22120,67)\u00d7(0,5\u00d7G+0,5\u00d7R)<\/td><\/tr><\/tbody><\/table><\/figure>\n\n<p class=\"wp-block-paragraph\">Si un producto recibe una puntuaci\u00f3n de durabilidad D \u2264 0,8, se aplican penalizaciones unitarias espec\u00edficas seg\u00fan la categor\u00eda del producto, de entre las 12 categor\u00edas cubiertas. Por ejemplo, en 2026, la penalizaci\u00f3n es de 2 \u20ac para una camiseta, 7 \u20ac para un pantal\u00f3n, 9 \u20ac para un vaquero y hasta 12 \u20ac para un abrigo, antes de aumentar progresivamente hasta 2030. Las definiciones de los umbrales de la gama de productos y los criterios de los incentivos de reparaci\u00f3n est\u00e1n a\u00fan por determinar y se comunicar\u00e1n en una nota en el sitio web del Ministerio de Medio Ambiente. Este acto ha sido notificado a la Comisi\u00f3n Europea.   <\/p>\n\n<h3 class=\"wp-block-heading\">Reformulaci\u00f3n de las pr\u00e1cticas publicitarias permitidas<\/h3>\n\n<p class=\"wp-block-paragraph\">El C\u00f3digo de Medio Ambiente franc\u00e9s incorpora ahora la prohibici\u00f3n de la publicidad de productos pertenecientes a pr\u00e1cticas de moda ultraexpresa o de marcas que lleven a cabo dichas actividades comerciales (Art\u00edculo 6). Tambi\u00e9n proh\u00edbe que los influencers comerciales promuevan directa o indirectamente productos de moda ultraexpresa y establece una multa de hasta 100 000 euros para dicha infracci\u00f3n a partir del 1 de enero de 2027. El uso de la palabra \u00abgratis\u00bb o \u00abgratuito\u00bb como argumento publicitario queda expresamente prohibido.  <\/p>\n\n<h3 class=\"wp-block-heading\">Posibles ampliaciones del mecanismo de cr\u00e9ditos de carbono<\/h3>\n\n<p class=\"wp-block-paragraph\">En un plazo de 6 meses desde la promulgaci\u00f3n de la ley (enero de 2027), el Gobierno entregar\u00e1 al Parlamento un informe que estudie la posibilidad de ampliar los mecanismos de cr\u00e9ditos de carbono a los productos de confecci\u00f3n fabricados fuera de la UE (Art\u00edculo 10). <\/p>\n\n<p class=\"wp-block-paragraph\">El CBAM (Mecanismo de Ajuste en Frontera por Carbono) es una herramienta clim\u00e1tica de la UE dise\u00f1ada para fijar un precio al carbono de las mercanc\u00edas importadas para evitar la \u00abfuga de carbono\u00bb y equiparar las condiciones entre los fabricantes comunitarios y los no comunitarios.<\/p>\n\n<h3 class=\"wp-block-heading\">Refuerzo del cumplimiento para los vendedores no franceses<\/h3>\n\n<p class=\"wp-block-paragraph\">Para garantizar que las marcas extranjeras y las plataformas transfronterizas no puedan eludir las regulaciones francesas de Responsabilidad Ampliada del Productor (RAP), el Art\u00edculo 5 (2) crea el requisito legal de que cualquier productor no establecido en Francia (ya sea dentro o fuera de la UE) designe a un representante autorizado (mandataire) por escrito afincado en Francia. A diferencia de un simple agente administrativo, este representante queda subrogado legalmente en todas las obligaciones de RAP del productor, asumiendo la responsabilidad legal directa del cumplimiento, la presentaci\u00f3n de informes y el pago de las ecocontribuciones de la RAP (incluidas las nuevas penalizaciones por ecomodulaci\u00f3n). <\/p>\n\n<h2 class=\"wp-block-heading\">\u00bfQu\u00e9 deber\u00eda anticipar su organizaci\u00f3n?<\/h2>\n\n<ul class=\"wp-block-list\">\n<li>Mant\u00e9ngase al d\u00eda sobre los pr\u00f3ximos pliegos de condiciones de la RAP en Francia, previstos para el oto\u00f1o de 2026. \u00a1Lea nuestro <a href=\"https:\/\/circulearth.com\/le-nouveau-regime-de-rep-textile-en-france-les-principaux-changements-du-nouveau-cahier-des-charges-attendus-a-partir-de-2027\/\">\u00faltimo art\u00edculo<\/a> para saber qu\u00e9 esperar! <\/li>\n\n\n\n<li>Designe a un representante autorizado de la RAP en Francia (para entidades no francesas): Si su organizaci\u00f3n tiene su sede fuera de Francia, formalice inmediatamente un mandato por escrito con una entidad establecida en Francia para gestionar su cumplimiento de la RAP y las responsabilidades de subrogaci\u00f3n.<\/li>\n\n\n\n<li>Obtenga una visi\u00f3n clara del n\u00famero de SKU que vende y a trav\u00e9s de qu\u00e9 canales.<\/li>\n\n\n\n<li>Identifique todo el material existente disponible en su empresa sobre la reparaci\u00f3n de productos.<\/li>\n\n\n\n<li>Informe a sus departamentos de comunicaci\u00f3n y marketing sobre la prohibici\u00f3n de la publicidad.<\/li>\n\n\n\n<li>Informe a sus equipos y departamentos de comercio electr\u00f3nico sobre los pr\u00f3ximos requisitos de visibilidad de los centros de fabricaci\u00f3n en las p\u00e1ginas de productos.<\/li>\n\n\n\n<li>Mant\u00e9ngase al d\u00eda sobre el pr\u00f3ximo decreto que precisar\u00e1 el n\u00famero de referencias y los criterios para los incentivos de reparaci\u00f3n.<\/li>\n<\/ul>\n\n<p class=\"wp-block-paragraph\"><\/p>\n","protected":false},"excerpt":{"rendered":"<p>La ley francesa contra la fast fashion (LOI n\u00b0 2026-602) era muy esperada, pero su versi\u00f3n final es el resultado de un complejo proceso legislativo de dos a\u00f1os. Adoptada por unanimidad por la Asamblea Nacional en marzo de 2024, la propuesta de ley se vio frenada por la disoluci\u00f3n parlamentaria de junio de 2024, fuertemente [&hellip;]<\/p>\n","protected":false},"author":8,"featured_media":1973,"comment_status":"closed","ping_status":"closed","sticky":false,"template":"","format":"standard","meta":{"_acf_changed":false,"_seopress_titles_title":"","_seopress_titles_desc":"","_seopress_robots_index":"","_seopress_robots_follow":"","_seopress_robots_imageindex":"","_seopress_robots_snippet":"","_seopress_robots_primary_cat":"21","_seopress_robots_breadcrumbs":"","_seopress_robots_freeze_modified_date":"","_seopress_robots_custom_modified_date":"","_seopress_robots_canonical":"","_seopress_social_fb_title":"","_seopress_social_fb_desc":"","_seopress_social_fb_img":"","_seopress_social_fb_img_attachment_id":0,"_seopress_social_fb_img_width":0,"_seopress_social_fb_img_height":0,"_seopress_social_twitter_title":"","_seopress_social_twitter_desc":"","_seopress_social_twitter_img":"","_seopress_social_twitter_img_attachment_id":0,"_seopress_social_twitter_img_width":0,"_seopress_social_twitter_img_height":0,"_seopress_redirections_value":"","_seopress_redirections_enabled":"","_seopress_redirections_enabled_regex":"","_seopress_redirections_logged_status":"","_seopress_redirections_param":"","_seopress_redirections_type":0,"_seopress_analysis_target_kw":"","footnotes":""},"categories":[41,25],"tags":[],"class_list":["post-1974","post","type-post","status-publish","format-standard","has-post-thumbnail","category-articulo","category-sin-categoria"],"acf":[],"_links":{"self":[{"href":"https:\/\/circulearth.com\/es\/wp-json\/wp\/v2\/posts\/1974","targetHints":{"allow":["GET"]}}],"collection":[{"href":"https:\/\/circulearth.com\/es\/wp-json\/wp\/v2\/posts"}],"about":[{"href":"https:\/\/circulearth.com\/es\/wp-json\/wp\/v2\/types\/post"}],"author":[{"embeddable":true,"href":"https:\/\/circulearth.com\/es\/wp-json\/wp\/v2\/users\/8"}],"replies":[{"embeddable":true,"href":"https:\/\/circulearth.com\/es\/wp-json\/wp\/v2\/comments?post=1974"}],"version-history":[{"count":1,"href":"https:\/\/circulearth.com\/es\/wp-json\/wp\/v2\/posts\/1974\/revisions"}],"predecessor-version":[{"id":1975,"href":"https:\/\/circulearth.com\/es\/wp-json\/wp\/v2\/posts\/1974\/revisions\/1975"}],"wp:featuredmedia":[{"embeddable":true,"href":"https:\/\/circulearth.com\/es\/wp-json\/wp\/v2\/media\/1973"}],"wp:attachment":[{"href":"https:\/\/circulearth.com\/es\/wp-json\/wp\/v2\/media?parent=1974"}],"wp:term":[{"taxonomy":"category","embeddable":true,"href":"https:\/\/circulearth.com\/es\/wp-json\/wp\/v2\/categories?post=1974"},{"taxonomy":"post_tag","embeddable":true,"href":"https:\/\/circulearth.com\/es\/wp-json\/wp\/v2\/tags?post=1974"}],"curies":[{"name":"wp","href":"https:\/\/api.w.org\/{rel}","templated":true}]}}